{"id":805,"date":"2025-01-08T12:50:09","date_gmt":"2025-01-08T11:50:09","guid":{"rendered":"https:\/\/goetzner-fasnat.at\/?p=805"},"modified":"2025-01-08T13:03:15","modified_gmt":"2025-01-08T12:03:15","slug":"goetzner-fasnat-2024-mit-sternstunden","status":"publish","type":"post","link":"https:\/\/goetzner-fasnat.at\/index.php\/2025\/01\/08\/goetzner-fasnat-2024-mit-sternstunden\/","title":{"rendered":"G\u00f6tzner Fasnat &#8211; 2024 mit Sternstunden"},"content":{"rendered":"\n<p>Seit f\u00fcnf Jahrzehnten gibt es in G\u00f6tzis das organisierte Fasnattreiben durch den Verkehrsverein (1975-1988), danach durch die G\u00f6tzner Fasnat (1988 bis heute).<br>Die Saison 2024 verlief nach langer Vorbereitung wirklich fast perfekt mit einigen H\u00f6hepunkten und noch nie dagewesenen Teilnehmer- und Besucherzahlen!<\/p>\n\n\n\n<p class=\"has-text-align-left\"><strong>Die Krapfenaktion (Donnerstag, 1.2.2024)<\/strong><\/p>\n\n\n<div class=\"wp-block-image\">\n<figure class=\"alignright size-large is-resized\"><img loading=\"lazy\" decoding=\"async\" width=\"1024\" height=\"768\" src=\"https:\/\/goetzner-fasnat.at\/wp-content\/uploads\/2024\/02\/WhatsApp-Image-2024-02-01-at-11.58.38-1024x768.jpeg\" alt=\"\" class=\"wp-image-714\" style=\"width:297px;height:auto\" srcset=\"https:\/\/goetzner-fasnat.at\/wp-content\/uploads\/2024\/02\/WhatsApp-Image-2024-02-01-at-11.58.38-1024x768.jpeg 1024w, https:\/\/goetzner-fasnat.at\/wp-content\/uploads\/2024\/02\/WhatsApp-Image-2024-02-01-at-11.58.38-300x225.jpeg 300w, https:\/\/goetzner-fasnat.at\/wp-content\/uploads\/2024\/02\/WhatsApp-Image-2024-02-01-at-11.58.38-768x576.jpeg 768w, https:\/\/goetzner-fasnat.at\/wp-content\/uploads\/2024\/02\/WhatsApp-Image-2024-02-01-at-11.58.38-1536x1152.jpeg 1536w, https:\/\/goetzner-fasnat.at\/wp-content\/uploads\/2024\/02\/WhatsApp-Image-2024-02-01-at-11.58.38-600x450.jpeg 600w, https:\/\/goetzner-fasnat.at\/wp-content\/uploads\/2024\/02\/WhatsApp-Image-2024-02-01-at-11.58.38.jpeg 2048w\" sizes=\"auto, (max-width: 1024px) 100vw, 1024px\" \/><\/figure>\n<\/div>\n\n\n<p>Seit 36 Jahren besucht die G\u00f6tzner Fasnat alle Kinderbetreuungseinrichtungen und Kinderg\u00e4rten, die Pflichtschulen, die Lebenshilfe, das Haus der Generationen, das Rathaus, den Bauhof, die Polizei und die Kulturb\u00fchne AMBACH. Bei 32 Besuchen werden die &#8222;lumpas\u00e4mmler&#8220;, der Narrenruf und das &#8222;Lumpas\u00e4mmlerlied&#8220; vermittelt und aufgefrischt. T\u00e4nze, Lieder und Spiele werden oftmals zum Empfang dargeboten. Cirka 2.500 Krapfen werden jeweils verteilt, seit Beginn dieser Aktion waren es um die 85.000 St\u00fcck, die von den G\u00f6tzner B\u00e4ckern gebacken wurden!<\/p>\n\n\n\n<p>Der <strong>Fasnatsamstag<\/strong> (10.2.2024) forderte den vollen Einsatz. Nebst der Unterst\u00fctzung durch Marktgemeinde G\u00f6tzis und der WG meistert die Kooperation G\u00f6tzner Fasnat &#8211; Freiwillige Feuerwehr G\u00f6tzis seit mehr als drei Jahrzehnten die immensen Vorbereitungen.<br>Auftakt waren am Vormittag einige <strong>Gesch\u00e4ftsbesuche<\/strong>, um sich bei unterst\u00fctzenden Firmen f\u00fcr die Spenden (B\u00f6lleles\u00e4ckchen f\u00fcr die teilnehmenden Kinder beim Umzug) zu bedanken.<\/p>\n\n\n\n<p><br>Der <strong>Umzug<\/strong> bei passendem Wetter begann um 14.00 Uhr. Verantwortlich f\u00fcr die Umzugsorganisation war die G\u00f6tzner Fasnat. Sie pflegt die Kontakte zu den Vereinen, Schulen, Kinderg\u00e4rten, Gesch\u00e4ftstreibenden in G\u00f6tzis, ebenso zu diversen Vereinen des Verbandes der Vorarlberger Faschingsz\u00fcnfte. Nach der Einladung und den einlangenden Anmeldungen erfolgt die Erarbeitung der Umzugsaufstellung, dies ist oft nicht so einfach! Gr\u00fcnde der Sicherheit, zu erwartende Lautst\u00e4rken, eine gute Mischung der Gruppen und Ber\u00fccksichtigung der Teilnehmerw\u00fcnsche sind zu ber\u00fccksichtigen, um eine harmonische Umzugsfolge zu erreichen!<br>Die Feuerwehr hat, wie gewohnt, alle Absperrungen errichtet und dazu mit Verpflegungsst\u00e4nden die Gastronomiebetriebe entlang des Umzugsweges unterst\u00fctzt.<br>Die Umzugssprecher (Vizebgm Edith Lampert-Deuring, Gerhard Zuggal und Charly Teissl) k\u00fcndigten die Gruppen in kurzen Beschreibungen mit dem jeweiligen Narrenruf an.<br>Heuer nahmen 66 Gruppen beim Umzug mit insgesamt 2.500 Teilnehmern teil, davon 1.000 Kinder. Die viel gelobte Vielfalt boten die sieben Musikz\u00fcge, 33 Fu\u00dfgruppen und 26 Wagen. Aus G\u00f6tzis waren 1.500 der Umzugsteilnehmer (davon 700 Kinder).<br>Die Ehreng\u00e4ste er\u00f6ffneten den Umzug auf dem Weg zur Umzugstrib\u00fcne<\/p>\n\n\n\n<figure class=\"wp-block-image size-large\"><img loading=\"lazy\" decoding=\"async\" width=\"1024\" height=\"521\" src=\"https:\/\/goetzner-fasnat.at\/wp-content\/uploads\/2024\/10\/IMG_7497_1-1024x521.jpg\" alt=\"\" class=\"wp-image-815\" srcset=\"https:\/\/goetzner-fasnat.at\/wp-content\/uploads\/2024\/10\/IMG_7497_1-1024x521.jpg 1024w, https:\/\/goetzner-fasnat.at\/wp-content\/uploads\/2024\/10\/IMG_7497_1-300x153.jpg 300w, https:\/\/goetzner-fasnat.at\/wp-content\/uploads\/2024\/10\/IMG_7497_1-768x390.jpg 768w, https:\/\/goetzner-fasnat.at\/wp-content\/uploads\/2024\/10\/IMG_7497_1-1536x781.jpg 1536w, https:\/\/goetzner-fasnat.at\/wp-content\/uploads\/2024\/10\/IMG_7497_1-2048x1041.jpg 2048w\" sizes=\"auto, (max-width: 1024px) 100vw, 1024px\" \/><\/figure>\n\n\n\n<p>von links nach rechts: Horst Mathis (VVF), Sabine Bleiker (Obfrau G\u00f6tzner Fasnat), Bgm Manfred B\u00f6hmwalder (G\u00f6tzis), J\u00fcrgen Straubmann (VVF), Thomas Kertl (VVF), Alt Bgm und Ehrenringtr\u00e4ger Werner Huber (Ehrenmitglied G\u00f6tzner Fasnat), Vizebgm Susanne Kopf (Altach, Bgm Gerd H\u00f6lzl (Koblach), Labg Clemens Ender.<\/p>\n\n\n\n<p>Stolz sind wir sicher auf die weitum wohl gr\u00f6\u00dfte Gruppe des Umzugs mit 946 Personen! Seit drei Jahrzehnten nehmen l\u00fcckenlos alle G\u00f6tzner Kinderg\u00e4rten jeweils geschlossen am Umzug teil. Das Thema &#8222;Dschungel&#8220; galt f\u00fcr alle 12 Untergruppen, dazu haben unsere j\u00fcngsten &#8222;Fasnatb\u00fctzle&#8220; wieder ihre Geschwister, ihre Eltern und auch Gro\u00dfeltern als Unterst\u00fctzung gewonnen!<\/p>\n\n\n\n<p>Trotz der Energieferien waren die Volksschule Blattur mit 220 Teilnehmern (203 Kinder!) und Vereine mit Nachwuchsarbeit (Sparkasse Sportgemeinschaft, Spielkreis) mit dabei.<br>Das Pfarrteam mit Dekan Pfr. Rainer B\u00fcchel als Schneewittchen erhielten viel Applaus.<\/p>\n\n\n\n<p>Eine historische Aufnahme: die drei Kommandanten der Freiwilligen Feuerwehr G\u00f6tzis, die die Partnerschaft mit der G\u00f6tzner Fasnat seit 35 Jahren erm\u00f6glichten und f\u00f6rderten!<\/p>\n\n\n\n<figure class=\"wp-block-image size-large is-resized\"><img loading=\"lazy\" decoding=\"async\" width=\"1024\" height=\"652\" src=\"https:\/\/goetzner-fasnat.at\/wp-content\/uploads\/2024\/10\/IMG_6685_1-1024x652.jpg\" alt=\"\" class=\"wp-image-816\" style=\"width:484px;height:auto\" srcset=\"https:\/\/goetzner-fasnat.at\/wp-content\/uploads\/2024\/10\/IMG_6685_1-1024x652.jpg 1024w, https:\/\/goetzner-fasnat.at\/wp-content\/uploads\/2024\/10\/IMG_6685_1-300x191.jpg 300w, https:\/\/goetzner-fasnat.at\/wp-content\/uploads\/2024\/10\/IMG_6685_1-768x489.jpg 768w, https:\/\/goetzner-fasnat.at\/wp-content\/uploads\/2024\/10\/IMG_6685_1-1536x978.jpg 1536w, https:\/\/goetzner-fasnat.at\/wp-content\/uploads\/2024\/10\/IMG_6685_1-2048x1304.jpg 2048w\" sizes=\"auto, (max-width: 1024px) 100vw, 1024px\" \/><\/figure>\n\n\n\n<p>von links nach rechts: Sepp Mohr, Rainer B\u00fcsel, Eugen B\u00f6ckle<\/p>\n\n\n\n<p>Es ist nicht m\u00f6glich alle Details des Umzugs zu beschreiben. Die Zuschauer hatten ebenfalls viel Freude!<\/p>\n\n\n<div class=\"wp-block-image\">\n<figure class=\"alignright size-large is-resized\"><img loading=\"lazy\" decoding=\"async\" width=\"1024\" height=\"683\" src=\"https:\/\/goetzner-fasnat.at\/wp-content\/uploads\/2024\/10\/IMG_7012-1-3-1024x683.jpg\" alt=\"\" class=\"wp-image-828\" style=\"width:399px;height:auto\" srcset=\"https:\/\/goetzner-fasnat.at\/wp-content\/uploads\/2024\/10\/IMG_7012-1-3-1024x683.jpg 1024w, https:\/\/goetzner-fasnat.at\/wp-content\/uploads\/2024\/10\/IMG_7012-1-3-300x200.jpg 300w, https:\/\/goetzner-fasnat.at\/wp-content\/uploads\/2024\/10\/IMG_7012-1-3-768x512.jpg 768w, https:\/\/goetzner-fasnat.at\/wp-content\/uploads\/2024\/10\/IMG_7012-1-3-1536x1024.jpg 1536w, https:\/\/goetzner-fasnat.at\/wp-content\/uploads\/2024\/10\/IMG_7012-1-3-2048x1365.jpg 2048w\" sizes=\"auto, (max-width: 1024px) 100vw, 1024px\" \/><\/figure>\n<\/div>\n\n\n<figure class=\"wp-block-image size-large is-resized\"><img loading=\"lazy\" decoding=\"async\" width=\"1024\" height=\"617\" src=\"https:\/\/goetzner-fasnat.at\/wp-content\/uploads\/2024\/10\/IMG_6962_1-2-1024x617.jpg\" alt=\"\" class=\"wp-image-827\" style=\"width:418px;height:auto\" srcset=\"https:\/\/goetzner-fasnat.at\/wp-content\/uploads\/2024\/10\/IMG_6962_1-2-1024x617.jpg 1024w, https:\/\/goetzner-fasnat.at\/wp-content\/uploads\/2024\/10\/IMG_6962_1-2-300x181.jpg 300w, https:\/\/goetzner-fasnat.at\/wp-content\/uploads\/2024\/10\/IMG_6962_1-2-768x463.jpg 768w, https:\/\/goetzner-fasnat.at\/wp-content\/uploads\/2024\/10\/IMG_6962_1-2-1536x925.jpg 1536w, https:\/\/goetzner-fasnat.at\/wp-content\/uploads\/2024\/10\/IMG_6962_1-2-2048x1234.jpg 2048w\" sizes=\"auto, (max-width: 1024px) 100vw, 1024px\" \/><\/figure>\n\n\n\n<figure class=\"wp-block-gallery aligncenter has-nested-images columns-default is-cropped wp-block-gallery-1 is-layout-flex wp-block-gallery-is-layout-flex\">\n<figure class=\"wp-block-image size-large\"><img loading=\"lazy\" decoding=\"async\" width=\"1024\" height=\"505\" data-id=\"832\" src=\"https:\/\/goetzner-fasnat.at\/wp-content\/uploads\/2024\/10\/IMG_7012-1-5-1024x505.jpg\" alt=\"\" class=\"wp-image-832\" srcset=\"https:\/\/goetzner-fasnat.at\/wp-content\/uploads\/2024\/10\/IMG_7012-1-5-1024x505.jpg 1024w, https:\/\/goetzner-fasnat.at\/wp-content\/uploads\/2024\/10\/IMG_7012-1-5-300x148.jpg 300w, https:\/\/goetzner-fasnat.at\/wp-content\/uploads\/2024\/10\/IMG_7012-1-5-768x379.jpg 768w, https:\/\/goetzner-fasnat.at\/wp-content\/uploads\/2024\/10\/IMG_7012-1-5-1536x757.jpg 1536w, https:\/\/goetzner-fasnat.at\/wp-content\/uploads\/2024\/10\/IMG_7012-1-5-2048x1010.jpg 2048w\" sizes=\"auto, (max-width: 1024px) 100vw, 1024px\" \/><\/figure>\n<\/figure>\n\n\n\n<p>Allen Teilnehmern gilt jedoch ein dankbares &#8222;Lumpa, lumpa, hoi, hoi, hoi&#8220;!<\/p>\n\n\n\n<p>Nach dem Umzug begann die <strong>Kinderfasnat<\/strong> in der voll besetzten Kulturb\u00fchne AMBACH. Der Zutritt dazu war Familien mit kleinen Kindern vorbehalten. Die Emser Kindergarde, ein junger Zauberer, Christian Mair mit Puppentheater und DJ Bobby sorgten f\u00fcr blendende Stimmung.<br>Die &#8222;\u00e4lteren Semester&#8220; suchten nach dem Umzug eher Ruhe beim vom Kaplan Gabriel Steiner mit dem Pfarrteam organisierten <strong>&#8222;Fasnatkr\u00e4nzle&#8220;<\/strong> in den Jugendr\u00e4umen der Pfarrei. <\/p>\n\n\n\n<p>Beim gro\u00dfen Narrentreiben nach dem Umzug ging in den Zelten unterhalb der Kulturb\u00fchne wahrlich die Post ab! Die Band &#8222;Alpenstarkstrom&#8220; und ein DJ sorgten gekonnt daf\u00fcr!<\/p>\n\n\n<div class=\"wp-block-image\">\n<figure class=\"alignleft size-large is-resized\"><img loading=\"lazy\" decoding=\"async\" width=\"1024\" height=\"683\" src=\"https:\/\/goetzner-fasnat.at\/wp-content\/uploads\/2024\/10\/IMG_7608_1-1024x683.jpg\" alt=\"\" class=\"wp-image-833\" style=\"width:388px;height:auto\" srcset=\"https:\/\/goetzner-fasnat.at\/wp-content\/uploads\/2024\/10\/IMG_7608_1-1024x683.jpg 1024w, https:\/\/goetzner-fasnat.at\/wp-content\/uploads\/2024\/10\/IMG_7608_1-300x200.jpg 300w, https:\/\/goetzner-fasnat.at\/wp-content\/uploads\/2024\/10\/IMG_7608_1-768x512.jpg 768w, https:\/\/goetzner-fasnat.at\/wp-content\/uploads\/2024\/10\/IMG_7608_1-1536x1024.jpg 1536w, https:\/\/goetzner-fasnat.at\/wp-content\/uploads\/2024\/10\/IMG_7608_1-2048x1365.jpg 2048w\" sizes=\"auto, (max-width: 1024px) 100vw, 1024px\" \/><\/figure>\n<\/div>\n\n<div class=\"wp-block-image\">\n<figure class=\"alignright size-large is-resized\"><img loading=\"lazy\" decoding=\"async\" width=\"1024\" height=\"683\" src=\"https:\/\/goetzner-fasnat.at\/wp-content\/uploads\/2024\/10\/IMG_7632_1-1024x683.jpg\" alt=\"\" class=\"wp-image-834\" style=\"width:425px;height:auto\" srcset=\"https:\/\/goetzner-fasnat.at\/wp-content\/uploads\/2024\/10\/IMG_7632_1-1024x683.jpg 1024w, https:\/\/goetzner-fasnat.at\/wp-content\/uploads\/2024\/10\/IMG_7632_1-300x200.jpg 300w, https:\/\/goetzner-fasnat.at\/wp-content\/uploads\/2024\/10\/IMG_7632_1-768x512.jpg 768w, https:\/\/goetzner-fasnat.at\/wp-content\/uploads\/2024\/10\/IMG_7632_1-1536x1024.jpg 1536w, https:\/\/goetzner-fasnat.at\/wp-content\/uploads\/2024\/10\/IMG_7632_1-2048x1365.jpg 2048w\" sizes=\"auto, (max-width: 1024px) 100vw, 1024px\" \/><\/figure>\n<\/div>\n\n\n<p><\/p>\n\n\n\n<p><\/p>\n\n\n\n<p><\/p>\n\n\n\n<p><\/p>\n\n\n\n<p>Die Fest-Profi&#8217;s der Feuerwehr hatten alle H\u00e4nde voll zu tun, um dem Andrang Herr zu werden!<\/p>\n\n\n\n<figure class=\"wp-block-image size-large\"><img loading=\"lazy\" decoding=\"async\" width=\"1024\" height=\"444\" src=\"https:\/\/goetzner-fasnat.at\/wp-content\/uploads\/2024\/10\/IMG_7484_1-1-1024x444.jpg\" alt=\"\" class=\"wp-image-836\" srcset=\"https:\/\/goetzner-fasnat.at\/wp-content\/uploads\/2024\/10\/IMG_7484_1-1-1024x444.jpg 1024w, https:\/\/goetzner-fasnat.at\/wp-content\/uploads\/2024\/10\/IMG_7484_1-1-300x130.jpg 300w, https:\/\/goetzner-fasnat.at\/wp-content\/uploads\/2024\/10\/IMG_7484_1-1-768x333.jpg 768w, https:\/\/goetzner-fasnat.at\/wp-content\/uploads\/2024\/10\/IMG_7484_1-1-1536x667.jpg 1536w, https:\/\/goetzner-fasnat.at\/wp-content\/uploads\/2024\/10\/IMG_7484_1-1-2048x889.jpg 2048w\" sizes=\"auto, (max-width: 1024px) 100vw, 1024px\" \/><\/figure>\n\n\n\n<p><\/p>\n\n\n\n<p><\/p>\n\n\n\n<p><strong>Resume\u00e9:<\/strong><br>Laut den erstellten Abrechnungen, den Umzugsmeldungen und Sch\u00e4tzungen von Profis d\u00fcrften es um die 12.000 Teilnehmer und Besucher gewesen sein!<br>Selten erhielten wir so viel Lob f\u00fcr die Gestaltung des Fasnatsamstag in G\u00f6tzis! Danke!<br>Die Fasnat scheint in G\u00f6tzis doch tief verwurzelt zu sein, es war ein Fest f\u00fcr alle Generationen! Es ist nicht selbstverst\u00e4ndlich, dass eine so gro\u00dfe Veranstaltung fast reibungslos und erfolgreich ablaufen kann. Wichtig dabei ist vor allem &#8211; unfallfrei!<br>Dankbar und erleichtert haben wir beim Junker-Jonas-Markt den Verein &#8222;Netz f\u00fcr Kinder&#8220; unterst\u00fctzt!<\/p>\n\n\n\n<p><strong>Die &#8222;alten Sorgen&#8220; bleiben:<\/strong><br>Die Lautst\u00e4rke aus den Boxen kann nicht, f\u00fcr alle Menschen passend geregelt werden &#8211; Sorry.<br>Ebenso scheinen mobile WC&#8217;s nicht unbedingt fieberhaft gesucht werden &#8211; verschiedene Menschen lieben scheint&#8217;s die Natur &#8211; zum Leidwesen der Anrainer. Dies tut uns leid!<\/p>\n\n\n\n<p><strong>Die Zukunft<\/strong><br>Das Programm 2025 ist im Entstehen, die vorgesehenen H\u00f6hepunkte sind:<br>&#8211; Fasnatauftakt beim Rathaus G\u00f6tzis (Montag, 11.11.2024 um 11.11 Uhr)<br>&#8211; Kinderfasching in der Kulturb\u00fchne AMBACH (Freitag, 14.2.2025)<br>&#8211; Fasnatball &#8211; &#8222;butzverruckt z&#8217;G\u00f6tzis&#8220; in der Kulturb\u00fchne AMBACH (Freitag, 14.2.2025)<br>&#8211; 37. Krapfenaktion und &#8222;Braten stehlen&#8220; (27.2.2025)<br>&#8211; Besuche div. Umz\u00fcge und Funken<\/p>\n\n\n\n<p>2025 findet in G\u00f6tzis kein Umzug statt &#8211; am Faschingssamstag ist in Rankweil Umzug (Zweijahresrhythmus)<\/p>\n\n\n\n<p>Danke allen, die in irgendeiner Form mitgemacht und unterst\u00fctzt haben!<\/p>\n\n\n\n<p>Mit Lumpa, lumpa, hoi, hoi, hoi&#8220; &#8211; Eure G\u00f6tzner Fasnat<\/p>\n","protected":false},"excerpt":{"rendered":"<p>Seit f\u00fcnf Jahrzehnten gibt es in G\u00f6tzis das organisierte Fasnattreiben durch den Verkehrsverein (1975-1988), danach durch die G\u00f6tzner Fasnat (1988 bis heute).Die Saison 2024 verlief&hellip;<\/p>\n","protected":false},"author":2,"featured_media":1211,"comment_status":"closed","ping_status":"open","sticky":false,"template":"","format":"standard","meta":{"ngg_post_thumbnail":0,"_price":"","_stock":"","_tribe_ticket_header":"","_tribe_default_ticket_provider":"","_ticket_start_date":"","_ticket_end_date":"","_tribe_ticket_show_description":"","_tribe_ticket_show_not_going":false,"_tribe_ticket_use_global_stock":"","_tribe_ticket_global_stock_level":"","_global_stock_mode":"","_global_stock_cap":"","_tribe_rsvp_for_event":"","_tribe_ticket_going_count":"","_tribe_ticket_not_going_count":"","_tribe_tickets_list":"[]","_tribe_ticket_has_attendee_info_fields":false,"_themeisle_gutenberg_block_has_review":false,"footnotes":"","_tec_slr_enabled":"","_tec_slr_layout":""},"categories":[1],"tags":[],"class_list":["post-805","post","type-post","status-publish","format-standard","has-post-thumbnail","hentry","category-uncategorized"],"ticketed":false,"_links":{"self":[{"href":"https:\/\/goetzner-fasnat.at\/index.php\/wp-json\/wp\/v2\/posts\/805","targetHints":{"allow":["GET"]}}],"collection":[{"href":"https:\/\/goetzner-fasnat.at\/index.php\/wp-json\/wp\/v2\/posts"}],"about":[{"href":"https:\/\/goetzner-fasnat.at\/index.php\/wp-json\/wp\/v2\/types\/post"}],"author":[{"embeddable":true,"href":"https:\/\/goetzner-fasnat.at\/index.php\/wp-json\/wp\/v2\/users\/2"}],"replies":[{"embeddable":true,"href":"https:\/\/goetzner-fasnat.at\/index.php\/wp-json\/wp\/v2\/comments?post=805"}],"version-history":[{"count":9,"href":"https:\/\/goetzner-fasnat.at\/index.php\/wp-json\/wp\/v2\/posts\/805\/revisions"}],"predecessor-version":[{"id":1207,"href":"https:\/\/goetzner-fasnat.at\/index.php\/wp-json\/wp\/v2\/posts\/805\/revisions\/1207"}],"wp:featuredmedia":[{"embeddable":true,"href":"https:\/\/goetzner-fasnat.at\/index.php\/wp-json\/wp\/v2\/media\/1211"}],"wp:attachment":[{"href":"https:\/\/goetzner-fasnat.at\/index.php\/wp-json\/wp\/v2\/media?parent=805"}],"wp:term":[{"taxonomy":"category","embeddable":true,"href":"https:\/\/goetzner-fasnat.at\/index.php\/wp-json\/wp\/v2\/categories?post=805"},{"taxonomy":"post_tag","embeddable":true,"href":"https:\/\/goetzner-fasnat.at\/index.php\/wp-json\/wp\/v2\/tags?post=805"}],"curies":[{"name":"wp","href":"https:\/\/api.w.org\/{rel}","templated":true}]}}