{"id":784,"date":"2024-11-11T14:03:00","date_gmt":"2024-11-11T13:03:00","guid":{"rendered":"https:\/\/goetzner-fasnat.at\/?p=784"},"modified":"2025-06-25T20:54:18","modified_gmt":"2025-06-25T18:54:18","slug":"save-the-date-faschingsball-2025","status":"publish","type":"post","link":"https:\/\/goetzner-fasnat.at\/index.php\/2024\/11\/11\/save-the-date-faschingsball-2025\/","title":{"rendered":"Faschingsball 2025"},"content":{"rendered":"\n<figure class=\"wp-block-gallery has-nested-images columns-default is-cropped wp-block-gallery-1 is-layout-flex wp-block-gallery-is-layout-flex\">\n<figure class=\"wp-block-image size-full\"><img loading=\"lazy\" decoding=\"async\" width=\"826\" height=\"294\" data-id=\"1012\" src=\"https:\/\/goetzner-fasnat.at\/wp-content\/uploads\/2024\/11\/Faschingsball__FB_Veranstaltung.jpg\" alt=\"\" class=\"wp-image-1012\" srcset=\"https:\/\/goetzner-fasnat.at\/wp-content\/uploads\/2024\/11\/Faschingsball__FB_Veranstaltung.jpg 826w, https:\/\/goetzner-fasnat.at\/wp-content\/uploads\/2024\/11\/Faschingsball__FB_Veranstaltung-300x107.jpg 300w, https:\/\/goetzner-fasnat.at\/wp-content\/uploads\/2024\/11\/Faschingsball__FB_Veranstaltung-768x273.jpg 768w\" sizes=\"auto, (max-width: 826px) 100vw, 826px\" \/><\/figure>\n<\/figure>\n\n\n\n<p><\/p>\n\n\n\n<h2 class=\"wp-block-heading\">Wir rockten die Kulturb\u00fchne AMBach<\/h2>\n\n\n\n<p>Beim Faschingsball ging &#8222;die Post&#8220; ab. Der Schalmeienzug M\u00e4der brachte bereits bei der Begr\u00fc\u00dfung den Saal zum beben.<\/p>\n\n\n\n<p>Zwischen den tollen Einlagen der Sportgemeinschaft G\u00f6tzis sorgten die Partyj\u00e4ger daf\u00fcr, dass es niemanden mehr auf seinem Platz hielt. Ein besonders Spektakel war f\u00fcr alle die Feuershow um Mitternacht von Tatjana Saphira. Die Fotobox von Dieter Damm war ebenfalls ein besonderes Highlight an diesem Abend. Die tolle Stimmung der Besucher machten den Faschingsball zu einem unvergessenen Erlebnis.<\/p>\n\n\n\n<p><\/p>\n\n\n\nngg_shortcode_0_placeholder\n\n\n\n<p><\/p>\n\n\n\n<p><\/p>\n","protected":false},"excerpt":{"rendered":"<p>Wir rockten die Kulturb\u00fchne AMBach Beim Faschingsball ging &#8222;die Post&#8220; ab. Der Schalmeienzug M\u00e4der brachte bereits bei der Begr\u00fc\u00dfung den Saal zum beben. Zwischen den&hellip;<\/p>\n","protected":false},"author":2,"featured_media":793,"comment_status":"closed","ping_status":"open","sticky":false,"template":"","format":"standard","meta":{"ngg_post_thumbnail":0,"_price":"","_stock":"","_tribe_ticket_header":"","_tribe_default_ticket_provider":"","_ticket_start_date":"","_ticket_end_date":"","_tribe_ticket_show_description":"","_tribe_ticket_show_not_going":false,"_tribe_ticket_use_global_stock":"","_tribe_ticket_global_stock_level":"","_global_stock_mode":"","_global_stock_cap":"","_tribe_rsvp_for_event":"","_tribe_ticket_going_count":"","_tribe_ticket_not_going_count":"","_tribe_tickets_list":"[]","_tribe_ticket_has_attendee_info_fields":false,"_themeisle_gutenberg_block_has_review":false,"footnotes":"","_tec_slr_enabled":"","_tec_slr_layout":""},"categories":[1],"tags":[],"class_list":["post-784","post","type-post","status-publish","format-standard","has-post-thumbnail","hentry","category-uncategorized"],"ticketed":false,"_links":{"self":[{"href":"https:\/\/goetzner-fasnat.at\/index.php\/wp-json\/wp\/v2\/posts\/784","targetHints":{"allow":["GET"]}}],"collection":[{"href":"https:\/\/goetzner-fasnat.at\/index.php\/wp-json\/wp\/v2\/posts"}],"about":[{"href":"https:\/\/goetzner-fasnat.at\/index.php\/wp-json\/wp\/v2\/types\/post"}],"author":[{"embeddable":true,"href":"https:\/\/goetzner-fasnat.at\/index.php\/wp-json\/wp\/v2\/users\/2"}],"replies":[{"embeddable":true,"href":"https:\/\/goetzner-fasnat.at\/index.php\/wp-json\/wp\/v2\/comments?post=784"}],"version-history":[{"count":17,"href":"https:\/\/goetzner-fasnat.at\/index.php\/wp-json\/wp\/v2\/posts\/784\/revisions"}],"predecessor-version":[{"id":2415,"href":"https:\/\/goetzner-fasnat.at\/index.php\/wp-json\/wp\/v2\/posts\/784\/revisions\/2415"}],"wp:featuredmedia":[{"embeddable":true,"href":"https:\/\/goetzner-fasnat.at\/index.php\/wp-json\/wp\/v2\/media\/793"}],"wp:attachment":[{"href":"https:\/\/goetzner-fasnat.at\/index.php\/wp-json\/wp\/v2\/media?parent=784"}],"wp:term":[{"taxonomy":"category","embeddable":true,"href":"https:\/\/goetzner-fasnat.at\/index.php\/wp-json\/wp\/v2\/categories?post=784"},{"taxonomy":"post_tag","embeddable":true,"href":"https:\/\/goetzner-fasnat.at\/index.php\/wp-json\/wp\/v2\/tags?post=784"}],"curies":[{"name":"wp","href":"https:\/\/api.w.org\/{rel}","templated":true}]}}