{"id":715,"date":"2024-02-13T14:30:08","date_gmt":"2024-02-13T13:30:08","guid":{"rendered":"https:\/\/goetzner-fasnat.at\/?p=715"},"modified":"2024-02-23T07:31:02","modified_gmt":"2024-02-23T06:31:02","slug":"faschingsumzug-goetzis-2024","status":"publish","type":"post","link":"https:\/\/goetzner-fasnat.at\/index.php\/2024\/02\/13\/faschingsumzug-goetzis-2024\/","title":{"rendered":"Faschingsumzug G\u00f6tzis 2024"},"content":{"rendered":"\n<p>Was f\u00fcr ein Faschinsumzug?<\/p>\n\n\n\n<p>Bei besten Bedingungen ging der gro\u00dfe G\u00f6tzner Faschingsumzug am Faschingssamstag ohne Probleme \u00fcber die B\u00fchne. 63 Gruppen waren am Start und haben die vielen M\u00e4schgerle am Rand in eine riesige Party-Meile verwandelt und buchst\u00e4blich mit ihrer Freude, Begeisterung und Musik mitgerissen und f\u00fcr beste Stimmung unter den Zuschauern gesorgt. Jede Gruppe f\u00fcr sich selber war so sch\u00f6n anzuschauen und hat den G\u00f6tzner Faschingsumzug zu einem tollen und abwechslungsreichen Umzug verwandelt.<\/p>\n\n\n\n<p>Danke an jede einzelne Gruppe f\u00fcr euer Dabeisein und eure tolle Stimmung, die ihr beim Umzug verbreitet habt.<\/p>\n\n\n\n<p>Danke<br>der Marktgemeinde G\u00f6tzis f\u00fcr die Unterst\u00fctzung, auch dem Bauhof G\u00f6tzis f\u00fcr die tatkr\u00e4ftige Unterst\u00fctzung vor, w\u00e4hrend und dem Faschingsumzug<br>der Feuerwehr G\u00f6tzis, die mit 200 Mann und Frau daf\u00fcr gesorgt hat, dass alle Zuschauer entlang der Umzugsstrecke und beim Fest danach mit k\u00fchlen Getr\u00e4nken und hei\u00dfen Speisen verk\u00f6stigt worden sind<br>der Kulturb\u00fchne AmBach und allen Mitwirkenden, f\u00fcr die tolle Kinderveranstaltung im Anschluss an den Umzug<br>der Lebenshilfe Vorarlberg f\u00fcr das Gestalten der tollen Werbeplakate<br>sowie allen freiwilligen Helfern und Kassiere, die zu einem gelungenen Umzug mitgeholfen haben, denn ohne die ehrenamtliche Mithilfe w\u00e4re eine solche Veranstaltung gar nicht m\u00f6glich sowie<br>allen M\u00e4schgerle am Stra\u00dfenrand, denn ohne euch h\u00e4tten die Gruppen keinen solchen Spa\u00df durchlaufen.<\/p>\n\n\n\n<p>Wir freuen uns, wenn wir in zwei Jahren am 14.2.2026 wieder einen Faschingsumzug durchf\u00fchren d\u00fcrfen\/k\u00f6nnen.<\/p>\n\n\n\n<p>Ganz viele Bilder vom Faschingsumzug findet ihr in der Gallery!<\/p>\n\n\n\n<p>Lumpa, Lumpa Hoi Hoi Hoi<\/p>\n\n\n\n<p><\/p>\n","protected":false},"excerpt":{"rendered":"<p>Was f\u00fcr ein Faschinsumzug? Bei besten Bedingungen ging der gro\u00dfe G\u00f6tzner Faschingsumzug am Faschingssamstag ohne Probleme \u00fcber die B\u00fchne. 63 Gruppen waren am Start und&hellip;<\/p>\n","protected":false},"author":2,"featured_media":716,"comment_status":"closed","ping_status":"open","sticky":false,"template":"","format":"standard","meta":{"ngg_post_thumbnail":0,"_price":"","_stock":"","_tribe_ticket_header":"","_tribe_default_ticket_provider":"","_ticket_start_date":"","_ticket_end_date":"","_tribe_ticket_show_description":"","_tribe_ticket_show_not_going":false,"_tribe_ticket_use_global_stock":"","_tribe_ticket_global_stock_level":"","_global_stock_mode":"","_global_stock_cap":"","_tribe_rsvp_for_event":"","_tribe_ticket_going_count":"","_tribe_ticket_not_going_count":"","_tribe_tickets_list":"[]","_tribe_ticket_has_attendee_info_fields":false,"_themeisle_gutenberg_block_has_review":false,"footnotes":"","_tec_slr_enabled":"","_tec_slr_layout":""},"categories":[1],"tags":[],"class_list":["post-715","post","type-post","status-publish","format-standard","has-post-thumbnail","hentry","category-uncategorized"],"ticketed":false,"_links":{"self":[{"href":"https:\/\/goetzner-fasnat.at\/index.php\/wp-json\/wp\/v2\/posts\/715","targetHints":{"allow":["GET"]}}],"collection":[{"href":"https:\/\/goetzner-fasnat.at\/index.php\/wp-json\/wp\/v2\/posts"}],"about":[{"href":"https:\/\/goetzner-fasnat.at\/index.php\/wp-json\/wp\/v2\/types\/post"}],"author":[{"embeddable":true,"href":"https:\/\/goetzner-fasnat.at\/index.php\/wp-json\/wp\/v2\/users\/2"}],"replies":[{"embeddable":true,"href":"https:\/\/goetzner-fasnat.at\/index.php\/wp-json\/wp\/v2\/comments?post=715"}],"version-history":[{"count":4,"href":"https:\/\/goetzner-fasnat.at\/index.php\/wp-json\/wp\/v2\/posts\/715\/revisions"}],"predecessor-version":[{"id":723,"href":"https:\/\/goetzner-fasnat.at\/index.php\/wp-json\/wp\/v2\/posts\/715\/revisions\/723"}],"wp:featuredmedia":[{"embeddable":true,"href":"https:\/\/goetzner-fasnat.at\/index.php\/wp-json\/wp\/v2\/media\/716"}],"wp:attachment":[{"href":"https:\/\/goetzner-fasnat.at\/index.php\/wp-json\/wp\/v2\/media?parent=715"}],"wp:term":[{"taxonomy":"category","embeddable":true,"href":"https:\/\/goetzner-fasnat.at\/index.php\/wp-json\/wp\/v2\/categories?post=715"},{"taxonomy":"post_tag","embeddable":true,"href":"https:\/\/goetzner-fasnat.at\/index.php\/wp-json\/wp\/v2\/tags?post=715"}],"curies":[{"name":"wp","href":"https:\/\/api.w.org\/{rel}","templated":true}]}}