{"id":298,"date":"2023-02-02T16:27:00","date_gmt":"2023-02-02T15:27:00","guid":{"rendered":"https:\/\/goetzner-fasnat.at\/?p=298"},"modified":"2024-11-02T14:40:48","modified_gmt":"2024-11-02T13:40:48","slug":"kinderfasching-maskenball-2023","status":"publish","type":"post","link":"https:\/\/goetzner-fasnat.at\/index.php\/2023\/02\/02\/kinderfasching-maskenball-2023\/","title":{"rendered":"Kinderfasching und Maskenball"},"content":{"rendered":"\n<p>Am Samstag, 28.01.2023 durften wir in der Kulturb\u00fchne AMBACH am Nachmittag den Kinderfasching und am Abend unseren ersten Masken-Ball feiern.<\/p>\n\n\n\n<p>Am Nachmittag konnten die Kinder zu den Liedern von Teddy Eddy mittanzen und eine tolle Show von Clown Pompo genie\u00dfen. W\u00e4hrend der Programmpausen sorgte DJ Bobby f\u00fcr ordentlich Stimmung. Die Lumpamusik G\u00f6tzis l\u00e4utete dann mit musikalischen Kl\u00e4ngen das Ende des Kinderfaschings ein.<\/p>\n\n\n\n<p>Am Abend erlebten viele gut gelaunte M\u00e4schgerle bei unserem ersten Masken-Ball ein bunt gemischtes Progamm mit Auftritten der Lumapmusik G\u00f6tzis, der Dance Hall G\u00f6tzis und Clown Pompo, bevor es zu Mitternacht von Tatjana eine &#8222;hei\u00dfe&#8220; Feuershow zu sehen gab. Die Live Musik &#8222;Die Partyj\u00e4ger&#8220; sorgten mit den unterschiedlichsten Hits f\u00fcr Tanzstimmung.<\/p>\n\n\n\nngg_shortcode_0_placeholder\n","protected":false},"excerpt":{"rendered":"<p>Am Samstag, 28.01.2023 durften wir in der Kulturb\u00fchne AMBACH am Nachmittag den Kinderfasching und am Abend unseren ersten Masken-Ball feiern. Am Nachmittag konnten die Kinder&hellip;<\/p>\n","protected":false},"author":2,"featured_media":301,"comment_status":"closed","ping_status":"open","sticky":false,"template":"","format":"standard","meta":{"ngg_post_thumbnail":0,"_price":"","_stock":"","_tribe_ticket_header":"","_tribe_default_ticket_provider":"","_ticket_start_date":"","_ticket_end_date":"","_tribe_ticket_show_description":"","_tribe_ticket_show_not_going":false,"_tribe_ticket_use_global_stock":"","_tribe_ticket_global_stock_level":"","_global_stock_mode":"","_global_stock_cap":"","_tribe_rsvp_for_event":"","_tribe_ticket_going_count":"","_tribe_ticket_not_going_count":"","_tribe_tickets_list":"[]","_tribe_ticket_has_attendee_info_fields":false,"_themeisle_gutenberg_block_has_review":false,"footnotes":"","_tec_slr_enabled":"","_tec_slr_layout":""},"categories":[1],"tags":[],"class_list":["post-298","post","type-post","status-publish","format-standard","has-post-thumbnail","hentry","category-uncategorized"],"ticketed":false,"_links":{"self":[{"href":"https:\/\/goetzner-fasnat.at\/index.php\/wp-json\/wp\/v2\/posts\/298","targetHints":{"allow":["GET"]}}],"collection":[{"href":"https:\/\/goetzner-fasnat.at\/index.php\/wp-json\/wp\/v2\/posts"}],"about":[{"href":"https:\/\/goetzner-fasnat.at\/index.php\/wp-json\/wp\/v2\/types\/post"}],"author":[{"embeddable":true,"href":"https:\/\/goetzner-fasnat.at\/index.php\/wp-json\/wp\/v2\/users\/2"}],"replies":[{"embeddable":true,"href":"https:\/\/goetzner-fasnat.at\/index.php\/wp-json\/wp\/v2\/comments?post=298"}],"version-history":[{"count":6,"href":"https:\/\/goetzner-fasnat.at\/index.php\/wp-json\/wp\/v2\/posts\/298\/revisions"}],"predecessor-version":[{"id":381,"href":"https:\/\/goetzner-fasnat.at\/index.php\/wp-json\/wp\/v2\/posts\/298\/revisions\/381"}],"wp:featuredmedia":[{"embeddable":true,"href":"https:\/\/goetzner-fasnat.at\/index.php\/wp-json\/wp\/v2\/media\/301"}],"wp:attachment":[{"href":"https:\/\/goetzner-fasnat.at\/index.php\/wp-json\/wp\/v2\/media?parent=298"}],"wp:term":[{"taxonomy":"category","embeddable":true,"href":"https:\/\/goetzner-fasnat.at\/index.php\/wp-json\/wp\/v2\/categories?post=298"},{"taxonomy":"post_tag","embeddable":true,"href":"https:\/\/goetzner-fasnat.at\/index.php\/wp-json\/wp\/v2\/tags?post=298"}],"curies":[{"name":"wp","href":"https:\/\/api.w.org\/{rel}","templated":true}]}}