{"id":2575,"date":"2025-11-19T15:44:35","date_gmt":"2025-11-19T14:44:35","guid":{"rendered":"https:\/\/goetzner-fasnat.at\/?p=2575"},"modified":"2025-11-19T23:11:11","modified_gmt":"2025-11-19T22:11:11","slug":"faschingszeit-eingelaeutet","status":"publish","type":"post","link":"https:\/\/goetzner-fasnat.at\/index.php\/2025\/11\/19\/faschingszeit-eingelaeutet\/","title":{"rendered":"Faschingszeit eingel\u00e4utet"},"content":{"rendered":"\n<p>P\u00fcnktlich um 11:11 Uhr startete am 11.11. beim G\u00f6tzner Rathaus der Fasching.<\/p>\n\n\n\n<p>Gemeinsam mit den G\u00f6tzner Faschingsvereinen und der Marktgemeinde G\u00f6tzis, feierten zahlreiche G\u00f6tzner:innen bei viel Musik den Beginn der f\u00fcnften Jahreszeit. Die Er\u00f6ffnung von B\u00fcrgermeister Manfred B\u00f6hmwalder wurde lautstark von der Lumpamusik G\u00f6tzis, der G\u00f6tzner Fasnat und den G\u00f6tzner Faschingsnarra unterst\u00fctzt.<\/p>\n\n\n\nngg_shortcode_0_placeholder\n\n\n\n<p><\/p>\n","protected":false},"excerpt":{"rendered":"<p>P\u00fcnktlich um 11:11 Uhr startete am 11.11. beim G\u00f6tzner Rathaus der Fasching. Gemeinsam mit den G\u00f6tzner Faschingsvereinen und der Marktgemeinde G\u00f6tzis, feierten zahlreiche G\u00f6tzner:innen bei&hellip;<\/p>\n","protected":false},"author":2,"featured_media":2626,"comment_status":"closed","ping_status":"open","sticky":false,"template":"","format":"standard","meta":{"ngg_post_thumbnail":0,"_price":"","_stock":"","_tribe_ticket_header":"","_tribe_default_ticket_provider":"","_ticket_start_date":"","_ticket_end_date":"","_tribe_ticket_show_description":"","_tribe_ticket_show_not_going":false,"_tribe_ticket_use_global_stock":"","_tribe_ticket_global_stock_level":"","_global_stock_mode":"","_global_stock_cap":"","_tribe_rsvp_for_event":"","_tribe_ticket_going_count":"","_tribe_ticket_not_going_count":"","_tribe_tickets_list":"[]","_tribe_ticket_has_attendee_info_fields":false,"_themeisle_gutenberg_block_has_review":false,"footnotes":"","_tec_slr_enabled":"","_tec_slr_layout":""},"categories":[1],"tags":[],"class_list":["post-2575","post","type-post","status-publish","format-standard","has-post-thumbnail","hentry","category-uncategorized"],"ticketed":false,"_links":{"self":[{"href":"https:\/\/goetzner-fasnat.at\/index.php\/wp-json\/wp\/v2\/posts\/2575","targetHints":{"allow":["GET"]}}],"collection":[{"href":"https:\/\/goetzner-fasnat.at\/index.php\/wp-json\/wp\/v2\/posts"}],"about":[{"href":"https:\/\/goetzner-fasnat.at\/index.php\/wp-json\/wp\/v2\/types\/post"}],"author":[{"embeddable":true,"href":"https:\/\/goetzner-fasnat.at\/index.php\/wp-json\/wp\/v2\/users\/2"}],"replies":[{"embeddable":true,"href":"https:\/\/goetzner-fasnat.at\/index.php\/wp-json\/wp\/v2\/comments?post=2575"}],"version-history":[{"count":5,"href":"https:\/\/goetzner-fasnat.at\/index.php\/wp-json\/wp\/v2\/posts\/2575\/revisions"}],"predecessor-version":[{"id":2631,"href":"https:\/\/goetzner-fasnat.at\/index.php\/wp-json\/wp\/v2\/posts\/2575\/revisions\/2631"}],"wp:featuredmedia":[{"embeddable":true,"href":"https:\/\/goetzner-fasnat.at\/index.php\/wp-json\/wp\/v2\/media\/2626"}],"wp:attachment":[{"href":"https:\/\/goetzner-fasnat.at\/index.php\/wp-json\/wp\/v2\/media?parent=2575"}],"wp:term":[{"taxonomy":"category","embeddable":true,"href":"https:\/\/goetzner-fasnat.at\/index.php\/wp-json\/wp\/v2\/categories?post=2575"},{"taxonomy":"post_tag","embeddable":true,"href":"https:\/\/goetzner-fasnat.at\/index.php\/wp-json\/wp\/v2\/tags?post=2575"}],"curies":[{"name":"wp","href":"https:\/\/api.w.org\/{rel}","templated":true}]}}