{"id":2572,"date":"2025-11-19T15:37:38","date_gmt":"2025-11-19T14:37:38","guid":{"rendered":"https:\/\/goetzner-fasnat.at\/?p=2572"},"modified":"2025-11-19T16:29:27","modified_gmt":"2025-11-19T15:29:27","slug":"ehre-wem-ehre-gebuehrt-bustour-der-goetzner-fasnat-durch-goetzis","status":"publish","type":"post","link":"https:\/\/goetzner-fasnat.at\/index.php\/2025\/11\/19\/ehre-wem-ehre-gebuehrt-bustour-der-goetzner-fasnat-durch-goetzis\/","title":{"rendered":"Ehre wem Ehre geb\u00fchrt \u2013 Bustour der G\u00d6TZNER FASNAT durch G\u00f6tzis"},"content":{"rendered":"\n<p>Die G\u00f6tzner Fasnat lud alle Mitglieder, welche die letzten 5 Jahre einen runden Geburtstag feiern durften, zu einer nicht allt\u00e4glichen Busfahrt ein.<\/p>\n\n\n\n<p>Start der Tour war beim Portiersh\u00fcsle am Garnmarkt. Von dort ging es mit Bus quer durch G\u00f6tzis. W\u00e4hrend der Fahrt erz\u00e4hlten Werner Huber und Armin Bell interessante Geschichten und Wissenswertes \u00fcber G\u00f6tzis und die \u201eAlten Zeiten\u201c. Manche Teilnehmer wussten noch genau, wo welches Geb\u00e4ude gestanden ist und konnten so auch in Erinnerung schwelgen und sich wieder gedanklich in die Jugendzeit zur\u00fcckversetzen.<\/p>\n\n\n\n<p>Nach einer sehr ausf\u00fchrlichen Erkl\u00e4rung \u00fcber die Geschichte von G\u00f6tzis lud die Fasnat ihre Jubilare ins Bildungshaus St. Arbogast zu einem Aperitif ein. Bei einem feinen Abendessen konnten die Teilnehmer den Abend nochmals Revue passieren und gem\u00fctlich ausklingen lassen.<\/p>\n\n\n\n<p>Falls du Interesse hast, Mitglied der G\u00f6tzner Fasnat zu werden und einen tollen Fasching in einem famili\u00e4ren Verein mitzuerleben, melde dich ganz einfach unter goetzner-fasnat@hotmail.com oder bei Sabine Bleiker unter 0650 8871080.<\/p>\n\n\n\n<p><\/p>\n\n\n\n<p><\/p>\n\n\n\n<p><\/p>\n\n\n\n<p><\/p>\n\n\n\nngg_shortcode_0_placeholder\n","protected":false},"excerpt":{"rendered":"<p>Die G\u00f6tzner Fasnat lud alle Mitglieder, welche die letzten 5 Jahre einen runden Geburtstag feiern durften, zu einer nicht allt\u00e4glichen Busfahrt ein. Start der Tour&hellip;<\/p>\n","protected":false},"author":2,"featured_media":2600,"comment_status":"closed","ping_status":"open","sticky":false,"template":"","format":"standard","meta":{"ngg_post_thumbnail":0,"_price":"","_stock":"","_tribe_ticket_header":"","_tribe_default_ticket_provider":"","_ticket_start_date":"","_ticket_end_date":"","_tribe_ticket_show_description":"","_tribe_ticket_show_not_going":false,"_tribe_ticket_use_global_stock":"","_tribe_ticket_global_stock_level":"","_global_stock_mode":"","_global_stock_cap":"","_tribe_rsvp_for_event":"","_tribe_ticket_going_count":"","_tribe_ticket_not_going_count":"","_tribe_tickets_list":"[]","_tribe_ticket_has_attendee_info_fields":false,"_themeisle_gutenberg_block_has_review":false,"footnotes":"","_tec_slr_enabled":"","_tec_slr_layout":""},"categories":[1],"tags":[],"class_list":["post-2572","post","type-post","status-publish","format-standard","has-post-thumbnail","hentry","category-uncategorized"],"ticketed":false,"_links":{"self":[{"href":"https:\/\/goetzner-fasnat.at\/index.php\/wp-json\/wp\/v2\/posts\/2572","targetHints":{"allow":["GET"]}}],"collection":[{"href":"https:\/\/goetzner-fasnat.at\/index.php\/wp-json\/wp\/v2\/posts"}],"about":[{"href":"https:\/\/goetzner-fasnat.at\/index.php\/wp-json\/wp\/v2\/types\/post"}],"author":[{"embeddable":true,"href":"https:\/\/goetzner-fasnat.at\/index.php\/wp-json\/wp\/v2\/users\/2"}],"replies":[{"embeddable":true,"href":"https:\/\/goetzner-fasnat.at\/index.php\/wp-json\/wp\/v2\/comments?post=2572"}],"version-history":[{"count":4,"href":"https:\/\/goetzner-fasnat.at\/index.php\/wp-json\/wp\/v2\/posts\/2572\/revisions"}],"predecessor-version":[{"id":2602,"href":"https:\/\/goetzner-fasnat.at\/index.php\/wp-json\/wp\/v2\/posts\/2572\/revisions\/2602"}],"wp:featuredmedia":[{"embeddable":true,"href":"https:\/\/goetzner-fasnat.at\/index.php\/wp-json\/wp\/v2\/media\/2600"}],"wp:attachment":[{"href":"https:\/\/goetzner-fasnat.at\/index.php\/wp-json\/wp\/v2\/media?parent=2572"}],"wp:term":[{"taxonomy":"category","embeddable":true,"href":"https:\/\/goetzner-fasnat.at\/index.php\/wp-json\/wp\/v2\/categories?post=2572"},{"taxonomy":"post_tag","embeddable":true,"href":"https:\/\/goetzner-fasnat.at\/index.php\/wp-json\/wp\/v2\/tags?post=2572"}],"curies":[{"name":"wp","href":"https:\/\/api.w.org\/{rel}","templated":true}]}}