{"id":2565,"date":"2025-11-19T18:00:00","date_gmt":"2025-11-19T17:00:00","guid":{"rendered":"https:\/\/goetzner-fasnat.at\/?p=2565"},"modified":"2025-11-19T19:01:04","modified_gmt":"2025-11-19T18:01:04","slug":"faschingsumzug-2026","status":"publish","type":"post","link":"https:\/\/goetzner-fasnat.at\/index.php\/2025\/11\/19\/faschingsumzug-2026\/","title":{"rendered":"Faschingsumzug 2026"},"content":{"rendered":"\n<p>Wir freuen uns, euch zu unserem sehr beliebten traditionellen G\u00f6tzner Umzug einladen zu d\u00fcrfen!<\/p>\n\n\n\n<p class=\"has-text-align-left\"><strong>Faschingssamstag, den 14. Februar 2026, um 14.00 Uhr<\/strong>.<\/p>\n\n\n\n<p class=\"has-text-align-left\">Wer die Atmosph\u00e4re des G\u00f6tzner Umzugs und das anschlie\u00dfende Fasnattreiben rund ums Zentrum<br>kennt, sch\u00e4tzt das vielseitige Programm und Angebot f\u00fcr Jung und Alt, vom Kinderprogramm in der<br>Kulturb\u00fchne \u201eam Bach\u201c bis zum Mega-Partyzelt und dem bunten Treiben entlang der Umzugsstrecke.<br>Ihr seid herzlich eingeladen, bei diesem famili\u00e4ren und kunterbunten Treiben mitzumachen!<\/p>\n\n\n\n<p class=\"has-text-align-left\">Wir bitten euch, das beiliegende Anmeldeformular vollst\u00e4ndig ausgef\u00fcllt <\/p>\n\n\n\n<p class=\"has-text-align-left\">bis sp\u00e4testens <strong>10.1.2026<\/strong><br>an die e-mail-Adresse umzug.goetzis@hotmail.com uns zur\u00fcckzusenden.<br><br>Bei den Wagengruppen brauchen wir unbedingt den Namen und die Adresse des Fahrers und eine<br>Unterschrift des Wagenverantwortlichen sowie das beiliegende Blatt \u201eTeilnahmekriterien\u201c.<br>\u00dcber den Aufstellungsort und die Aufstellungsnummer werden wir euch rechtzeitig informieren.<br>Die Zusage zur Teilnahme am G\u00f6tzner Umzug obliegt uns als Veranstalter.<br><\/p>\n\n\n\n<p class=\"has-text-align-left\">Wir freuen uns auf euer Mitmachen und verbleiben mit einem kr\u00e4ftigen<br><br>LUMPA, LUMPA, HOI, HOI, HOI<br>F\u00fcr die G\u00f6tzner Fasnat<br>Obfrau Sabine Bleiker <\/p>\n\n\n\n<div class=\"wp-block-file\"><a id=\"wp-block-file--media-f076f14b-22a0-4cb8-8a34-cbc0220d95d6\" href=\"https:\/\/goetzner-fasnat.at\/wp-content\/uploads\/2025\/09\/Anmeldeformular-2026.docx\">Anmeldeformular 2026<\/a><a href=\"https:\/\/goetzner-fasnat.at\/wp-content\/uploads\/2025\/09\/Anmeldeformular-2026.docx\" class=\"wp-block-file__button wp-element-button\" download aria-describedby=\"wp-block-file--media-f076f14b-22a0-4cb8-8a34-cbc0220d95d6\">Herunterladen<\/a><\/div>\n\n\n\n<p><\/p>\n","protected":false},"excerpt":{"rendered":"<p>Wir freuen uns, euch zu unserem sehr beliebten traditionellen G\u00f6tzner Umzug einladen zu d\u00fcrfen! Faschingssamstag, den 14. Februar 2026, um 14.00 Uhr. Wer die Atmosph\u00e4re&hellip;<\/p>\n","protected":false},"author":2,"featured_media":716,"comment_status":"closed","ping_status":"open","sticky":false,"template":"","format":"standard","meta":{"ngg_post_thumbnail":0,"_price":"","_stock":"","_tribe_ticket_header":"","_tribe_default_ticket_provider":"","_ticket_start_date":"","_ticket_end_date":"","_tribe_ticket_show_description":"","_tribe_ticket_show_not_going":false,"_tribe_ticket_use_global_stock":"","_tribe_ticket_global_stock_level":"","_global_stock_mode":"","_global_stock_cap":"","_tribe_rsvp_for_event":"","_tribe_ticket_going_count":"","_tribe_ticket_not_going_count":"","_tribe_tickets_list":"[]","_tribe_ticket_has_attendee_info_fields":false,"_themeisle_gutenberg_block_has_review":false,"footnotes":"","_tec_slr_enabled":"","_tec_slr_layout":""},"categories":[1],"tags":[],"class_list":["post-2565","post","type-post","status-publish","format-standard","has-post-thumbnail","hentry","category-uncategorized"],"ticketed":false,"_links":{"self":[{"href":"https:\/\/goetzner-fasnat.at\/index.php\/wp-json\/wp\/v2\/posts\/2565","targetHints":{"allow":["GET"]}}],"collection":[{"href":"https:\/\/goetzner-fasnat.at\/index.php\/wp-json\/wp\/v2\/posts"}],"about":[{"href":"https:\/\/goetzner-fasnat.at\/index.php\/wp-json\/wp\/v2\/types\/post"}],"author":[{"embeddable":true,"href":"https:\/\/goetzner-fasnat.at\/index.php\/wp-json\/wp\/v2\/users\/2"}],"replies":[{"embeddable":true,"href":"https:\/\/goetzner-fasnat.at\/index.php\/wp-json\/wp\/v2\/comments?post=2565"}],"version-history":[{"count":3,"href":"https:\/\/goetzner-fasnat.at\/index.php\/wp-json\/wp\/v2\/posts\/2565\/revisions"}],"predecessor-version":[{"id":2571,"href":"https:\/\/goetzner-fasnat.at\/index.php\/wp-json\/wp\/v2\/posts\/2565\/revisions\/2571"}],"wp:featuredmedia":[{"embeddable":true,"href":"https:\/\/goetzner-fasnat.at\/index.php\/wp-json\/wp\/v2\/media\/716"}],"wp:attachment":[{"href":"https:\/\/goetzner-fasnat.at\/index.php\/wp-json\/wp\/v2\/media?parent=2565"}],"wp:term":[{"taxonomy":"category","embeddable":true,"href":"https:\/\/goetzner-fasnat.at\/index.php\/wp-json\/wp\/v2\/categories?post=2565"},{"taxonomy":"post_tag","embeddable":true,"href":"https:\/\/goetzner-fasnat.at\/index.php\/wp-json\/wp\/v2\/tags?post=2565"}],"curies":[{"name":"wp","href":"https:\/\/api.w.org\/{rel}","templated":true}]}}