{"id":2562,"date":"2025-09-26T20:14:12","date_gmt":"2025-09-26T18:14:12","guid":{"rendered":"https:\/\/goetzner-fasnat.at\/?p=2562"},"modified":"2025-09-26T20:14:13","modified_gmt":"2025-09-26T18:14:13","slug":"junker-jonas-markt-2025","status":"publish","type":"post","link":"https:\/\/goetzner-fasnat.at\/index.php\/2025\/09\/26\/junker-jonas-markt-2025\/","title":{"rendered":"Junker Jonas Markt 2025"},"content":{"rendered":"\n<p>Der Verein \u201eNetz f\u00fcr Kinder\u201c wieder beim Stand der G\u00d6TZNER FASNAT zu Gast.<\/p>\n\n\n\n<p>Wer Netz f\u00fcr Kinder schon einmal geh\u00f6rt hat, denkt an die kleinen s\u00fc\u00dfen Entchen. Doch hinter diesen Entchen steckt viel mehr. Mit dem Kauf einer Ente kann der Verein Netz f\u00fcr Kinder unterst\u00fctzt und dadurch den gef\u00e4hrdeten Kindern in Vorarlberg, zB durch die sozialp\u00e4dagogischen Kindergruppen und mit Unterst\u00fctzung von Ehrenamtlichen wieder ein St\u00fcck Normalit\u00e4t gegeben werden.<\/p>\n\n\n\n<p>Auf der Homepage von Netz f\u00fcr Kinder steht: \u201eMiteinander hei\u00dft f\u00fcreinander da sein\u201c und diesen Leitspruch verfolgt auch die G\u00f6tzner Fasnat bereits seit mehreren Jahrzehnten. So war es der G\u00f6tzner Fasnat auch heuer wieder wichtig, beim Junker Jonas Markt mit dem Verein Netz f\u00fcr Kinder zusammen zu arbeiten, denn gemeinsam geht vieles besser.<\/p>\n\n\n\n<p><\/p>\n","protected":false},"excerpt":{"rendered":"<p>Der Verein \u201eNetz f\u00fcr Kinder\u201c wieder beim Stand der G\u00d6TZNER FASNAT zu Gast. Wer Netz f\u00fcr Kinder schon einmal geh\u00f6rt hat, denkt an die kleinen&hellip;<\/p>\n","protected":false},"author":2,"featured_media":2563,"comment_status":"closed","ping_status":"open","sticky":false,"template":"","format":"standard","meta":{"ngg_post_thumbnail":0,"_price":"","_stock":"","_tribe_ticket_header":"","_tribe_default_ticket_provider":"","_ticket_start_date":"","_ticket_end_date":"","_tribe_ticket_show_description":"","_tribe_ticket_show_not_going":false,"_tribe_ticket_use_global_stock":"","_tribe_ticket_global_stock_level":"","_global_stock_mode":"","_global_stock_cap":"","_tribe_rsvp_for_event":"","_tribe_ticket_going_count":"","_tribe_ticket_not_going_count":"","_tribe_tickets_list":"[]","_tribe_ticket_has_attendee_info_fields":false,"_themeisle_gutenberg_block_has_review":false,"footnotes":"","_tec_slr_enabled":"","_tec_slr_layout":""},"categories":[1],"tags":[],"class_list":["post-2562","post","type-post","status-publish","format-standard","has-post-thumbnail","hentry","category-uncategorized"],"ticketed":false,"_links":{"self":[{"href":"https:\/\/goetzner-fasnat.at\/index.php\/wp-json\/wp\/v2\/posts\/2562","targetHints":{"allow":["GET"]}}],"collection":[{"href":"https:\/\/goetzner-fasnat.at\/index.php\/wp-json\/wp\/v2\/posts"}],"about":[{"href":"https:\/\/goetzner-fasnat.at\/index.php\/wp-json\/wp\/v2\/types\/post"}],"author":[{"embeddable":true,"href":"https:\/\/goetzner-fasnat.at\/index.php\/wp-json\/wp\/v2\/users\/2"}],"replies":[{"embeddable":true,"href":"https:\/\/goetzner-fasnat.at\/index.php\/wp-json\/wp\/v2\/comments?post=2562"}],"version-history":[{"count":1,"href":"https:\/\/goetzner-fasnat.at\/index.php\/wp-json\/wp\/v2\/posts\/2562\/revisions"}],"predecessor-version":[{"id":2564,"href":"https:\/\/goetzner-fasnat.at\/index.php\/wp-json\/wp\/v2\/posts\/2562\/revisions\/2564"}],"wp:featuredmedia":[{"embeddable":true,"href":"https:\/\/goetzner-fasnat.at\/index.php\/wp-json\/wp\/v2\/media\/2563"}],"wp:attachment":[{"href":"https:\/\/goetzner-fasnat.at\/index.php\/wp-json\/wp\/v2\/media?parent=2562"}],"wp:term":[{"taxonomy":"category","embeddable":true,"href":"https:\/\/goetzner-fasnat.at\/index.php\/wp-json\/wp\/v2\/categories?post=2562"},{"taxonomy":"post_tag","embeddable":true,"href":"https:\/\/goetzner-fasnat.at\/index.php\/wp-json\/wp\/v2\/tags?post=2562"}],"curies":[{"name":"wp","href":"https:\/\/api.w.org\/{rel}","templated":true}]}}