{"id":2477,"date":"2025-06-17T16:45:37","date_gmt":"2025-06-17T14:45:37","guid":{"rendered":"https:\/\/goetzner-fasnat.at\/?p=2477"},"modified":"2025-06-24T21:34:39","modified_gmt":"2025-06-24T19:34:39","slug":"30-jahreshauptversammlung","status":"publish","type":"post","link":"https:\/\/goetzner-fasnat.at\/index.php\/2025\/06\/17\/30-jahreshauptversammlung\/","title":{"rendered":"30. Jahreshauptversammlung"},"content":{"rendered":"\n<p>Am Mittwoch, 11.06.2025 fand im Gasthaus Engel, G\u00f6tzis die 30. Jahreshauptversammlung der G\u00f6tzner Fasnat statt.<\/p>\n\n\n\n<p>Obfrau Sabine Bleiker begr\u00fc\u00dfte zahlreiche Ehreng\u00e4ste, allen voran B\u00fcrgermeister Manfred B\u00f6hmwalder, Rainer B\u00fcsel und Dominik Braun von Seiten der Feuerwehr G\u00f6tzis, Vertreter des VVF, den befreundeten Verein die G\u00f6tzner Faschingsnarren sowie die Mitglieder G\u00f6tzner Fasnat.<\/p>\n\n\n\n<p>Leider mussten wir uns im vergangenen Vereinsjahr von zwei treuen Seelen, die aus dem Vereinsleben nicht wegzudenken waren, verabschieden: Silvia Nesensohn und Markus Ellensohn. Armin Bell nahm die Beiden in einem sehr ehrenvollen Nachruf nochmals in die Mitte.<\/p>\n\n\n\n<p>In einer kurzen Sitzung lie\u00df Sabine Bleiker dann unter anderem die drei pr\u00e4genden Veranstaltungen &#8211; die 37. Krapfenaktion, den Kinderfasching sowie den Ball &#8222;butzverruckt z&#8217;G\u00f6tzis&#8220; nochmals Revue passieren und gab ebenso einen kurzen Einblick in das kommende Vereinsjahr. Mit Sicherheit wird hier der gro\u00dfe G\u00f6tzner Faschingsumzug am 14.02.2026 der H\u00f6hepunkt in der kommenden Faschingssaison sein. <\/p>\n\n\n\n<p>Aber auch die Mitglieder, sowohl &#8222;Alt&#8220; als auch &#8222;Jung&#8220;, werden in der kommenden Faschingssaison nicht zu kurz kommen, denn die Obfrau hat hier schon verraten, dass es eine Busfahrt durch G\u00f6tzis sowie f\u00fcr die KInder und Jugendlichen einen Ausflug in den Hochseilgarten geben wird.<\/p>\n\n\n\n<p>Armin Bell f\u00fchrte die Wahl des Vorstandes mit gro\u00dfer Manier durch und gratulierte dem &#8222;alten&#8220; neuen Vereinsvorstand zur Wiederwahl. Nach der gelungenen Jahreshauptversammlung lud die G\u00f6tzner Fasnat alle Anwesenden zu einem gem\u00fctlichen Saisonausklang mit Wiener Schnitzel und K\u00e4ssp\u00e4tzle ein.<\/p>\n\n\n\n<p>Falls du Interesse hast, Mitglied der G\u00f6tzner Fasnat zu werden und einen tollen Fasching in einem famili\u00e4ren Verein miterleben m\u00f6chtest, melde dich ganz einfach unter goetzner-fasnat@hotmail.com oder bei Sabine Bleiker unter 0650 8871080.<\/p>\n\n\n\n<p>Die G\u00f6tzner Fasnat<\/p>\n\n\n\nngg_shortcode_0_placeholder\n\n\n\n<p><\/p>\n","protected":false},"excerpt":{"rendered":"<p>Am Mittwoch, 11.06.2025 fand im Gasthaus Engel, G\u00f6tzis die 30. Jahreshauptversammlung der G\u00f6tzner Fasnat statt. Obfrau Sabine Bleiker begr\u00fc\u00dfte zahlreiche Ehreng\u00e4ste, allen voran B\u00fcrgermeister Manfred&hellip;<\/p>\n","protected":false},"author":2,"featured_media":2480,"comment_status":"closed","ping_status":"open","sticky":false,"template":"","format":"standard","meta":{"ngg_post_thumbnail":0,"_price":"","_stock":"","_tribe_ticket_header":"","_tribe_default_ticket_provider":"","_ticket_start_date":"","_ticket_end_date":"","_tribe_ticket_show_description":"","_tribe_ticket_show_not_going":false,"_tribe_ticket_use_global_stock":"","_tribe_ticket_global_stock_level":"","_global_stock_mode":"","_global_stock_cap":"","_tribe_rsvp_for_event":"","_tribe_ticket_going_count":"","_tribe_ticket_not_going_count":"","_tribe_tickets_list":"[]","_tribe_ticket_has_attendee_info_fields":false,"_themeisle_gutenberg_block_has_review":false,"footnotes":"","_tec_slr_enabled":"","_tec_slr_layout":""},"categories":[1],"tags":[],"class_list":["post-2477","post","type-post","status-publish","format-standard","has-post-thumbnail","hentry","category-uncategorized"],"ticketed":false,"_links":{"self":[{"href":"https:\/\/goetzner-fasnat.at\/index.php\/wp-json\/wp\/v2\/posts\/2477","targetHints":{"allow":["GET"]}}],"collection":[{"href":"https:\/\/goetzner-fasnat.at\/index.php\/wp-json\/wp\/v2\/posts"}],"about":[{"href":"https:\/\/goetzner-fasnat.at\/index.php\/wp-json\/wp\/v2\/types\/post"}],"author":[{"embeddable":true,"href":"https:\/\/goetzner-fasnat.at\/index.php\/wp-json\/wp\/v2\/users\/2"}],"replies":[{"embeddable":true,"href":"https:\/\/goetzner-fasnat.at\/index.php\/wp-json\/wp\/v2\/comments?post=2477"}],"version-history":[{"count":4,"href":"https:\/\/goetzner-fasnat.at\/index.php\/wp-json\/wp\/v2\/posts\/2477\/revisions"}],"predecessor-version":[{"id":2513,"href":"https:\/\/goetzner-fasnat.at\/index.php\/wp-json\/wp\/v2\/posts\/2477\/revisions\/2513"}],"wp:featuredmedia":[{"embeddable":true,"href":"https:\/\/goetzner-fasnat.at\/index.php\/wp-json\/wp\/v2\/media\/2480"}],"wp:attachment":[{"href":"https:\/\/goetzner-fasnat.at\/index.php\/wp-json\/wp\/v2\/media?parent=2477"}],"wp:term":[{"taxonomy":"category","embeddable":true,"href":"https:\/\/goetzner-fasnat.at\/index.php\/wp-json\/wp\/v2\/categories?post=2477"},{"taxonomy":"post_tag","embeddable":true,"href":"https:\/\/goetzner-fasnat.at\/index.php\/wp-json\/wp\/v2\/tags?post=2477"}],"curies":[{"name":"wp","href":"https:\/\/api.w.org\/{rel}","templated":true}]}}